{"id":1965,"date":"2013-08-02T12:54:06","date_gmt":"2013-08-02T09:54:06","guid":{"rendered":"http:\/\/sodik.fi\/?p=1965"},"modified":"2014-02-07T13:42:25","modified_gmt":"2014-02-07T11:42:25","slug":"metsapalolento-kaksi-halytyslentoa-31-7-2013","status":"publish","type":"post","link":"https:\/\/sodik.fi\/?p=1965","title":{"rendered":"METS\u00c4PALOLENTO: Kaksi h\u00e4lytyslentoa 31.7.2013"},"content":{"rendered":"<p>Kaksi h\u00e4lytyslentoa Jaurujoen maisemiin tehtiin 31.7.2013. Miehist\u00f6n\u00e4 oli Markku K, Sale S, Seppo T sek\u00e4 paloasiantuntijana Juha S. Lentoa seurattin telemetrian avulla l\u00e4hes reaaliaikaisesti ja tallennettu nauhoite on alla n\u00e4ht\u00e4viss\u00e4. Jaurulla ei lis\u00e4vahinkoa mets\u00e4n suhteen havaittu.<\/p>\n<p>[sgpx gpx=&#8221;http:\/\/sodik.fi\/wp-content\/uploads\/gpx\/flight_294847.gpx&#8221;]<\/p>\n<p><em><strong>T\u00e4ss\u00e4 palolentokoneen miehist\u00f6n kertomus lennoista<\/strong><\/em>:<\/p>\n<p><em>\u201cTodellakin k\u00e4ytiin tarkistamassa kyseinen, jo sammutettu paloalue. Ensimm\u00e4isell\u00e4 lennolla emme havainneet isommalti savuja. Vaeltajilta tulleen savuhavainto- ilmoituksen johdosta lensimme paloviranomaisen pyynn\u00f6st\u00e4 kuitenkin toisen lennon my\u00f6hemmin, jolloin tarkempi tarkastelu paljasti kuvan oikeassa alareunassa n\u00e4kyv\u00e4n heikon ja laantuvan pienen palopes\u00e4kkeen. Pes\u00e4ke sijaitsi jo palaneen alueen sis\u00e4ll\u00e4. Lennolla mukana olleen Savukosken pelastustoimen asiantuntijan arvion mukaan s\u00e4\u00e4- ja varsinkin tuuliennusteiden perusteella se ei kuitenkaan aiheuttanut j\u00e4lkivartointia suurempia toimenpiteit\u00e4 pelastustoimelta<\/em>\u201d<\/p>\n<div id=\"attachment_1961\" style=\"width: 650px\" class=\"wp-caption alignleft\"><a href=\"http:\/\/sodik.fi\/wp-content\/uploads\/2013\/08\/Jaurunpalo-2013-07-4.jpg\"><img loading=\"lazy\" decoding=\"async\" aria-describedby=\"caption-attachment-1961\" class=\" wp-image-1961 \" alt=\"Ilmakuva Jaurujoen paloalueesta. Kuva: Sauli\" src=\"http:\/\/sodik.fi\/wp-content\/uploads\/2013\/08\/Jaurunpalo-2013-07-4-1024x685.jpg\" width=\"640\" height=\"428\" srcset=\"https:\/\/sodik.fi\/wp-content\/uploads\/2013\/08\/Jaurunpalo-2013-07-4-1024x685.jpg 1024w, https:\/\/sodik.fi\/wp-content\/uploads\/2013\/08\/Jaurunpalo-2013-07-4-300x200.jpg 300w, https:\/\/sodik.fi\/wp-content\/uploads\/2013\/08\/Jaurunpalo-2013-07-4-448x300.jpg 448w, https:\/\/sodik.fi\/wp-content\/uploads\/2013\/08\/Jaurunpalo-2013-07-4-120x80.jpg 120w\" sizes=\"(max-width: 640px) 100vw, 640px\" \/><\/a><p id=\"caption-attachment-1961\" class=\"wp-caption-text\">Ilmakuva Jaurujoen paloalueesta. Kuva: Sauli<\/p><\/div>\n<p>&nbsp;<\/p>\n","protected":false},"excerpt":{"rendered":"<p>Kaksi h\u00e4lytyslentoa Jaurujoen maisemiin tehtiin 31.7.2013. Miehist\u00f6n\u00e4 oli Markku K, Sale S, Seppo T sek\u00e4 paloasiantuntijana Juha S. Lentoa seurattin telemetrian avulla l\u00e4hes reaaliaikaisesti ja tallennettu nauhoite on alla n\u00e4ht\u00e4viss\u00e4. Jaurulla ei lis\u00e4vahinkoa mets\u00e4n suhteen havaittu. [sgpx gpx=&#8221;http:\/\/sodik.fi\/wp-content\/uploads\/gpx\/flight_294847.gpx&#8221;] T\u00e4ss\u00e4 palolentokoneen &hellip; <a href=\"https:\/\/sodik.fi\/?p=1965\">Lue loppuun <span class=\"meta-nav\">&rarr;<\/span><\/a><\/p>\n","protected":false},"author":1,"featured_media":0,"comment_status":"closed","ping_status":"closed","sticky":false,"template":"","format":"standard","meta":{"footnotes":""},"categories":[18,16],"tags":[],"publishpress_future_action":{"enabled":false,"date":"2026-05-07 11:20:02","action":"draft","terms":[],"taxonomy":"category"},"_links":{"self":[{"href":"https:\/\/sodik.fi\/index.php?rest_route=\/wp\/v2\/posts\/1965"}],"collection":[{"href":"https:\/\/sodik.fi\/index.php?rest_route=\/wp\/v2\/posts"}],"about":[{"href":"https:\/\/sodik.fi\/index.php?rest_route=\/wp\/v2\/types\/post"}],"author":[{"embeddable":true,"href":"https:\/\/sodik.fi\/index.php?rest_route=\/wp\/v2\/users\/1"}],"replies":[{"embeddable":true,"href":"https:\/\/sodik.fi\/index.php?rest_route=%2Fwp%2Fv2%2Fcomments&post=1965"}],"version-history":[{"count":2,"href":"https:\/\/sodik.fi\/index.php?rest_route=\/wp\/v2\/posts\/1965\/revisions"}],"predecessor-version":[{"id":2345,"href":"https:\/\/sodik.fi\/index.php?rest_route=\/wp\/v2\/posts\/1965\/revisions\/2345"}],"wp:attachment":[{"href":"https:\/\/sodik.fi\/index.php?rest_route=%2Fwp%2Fv2%2Fmedia&parent=1965"}],"wp:term":[{"taxonomy":"category","embeddable":true,"href":"https:\/\/sodik.fi\/index.php?rest_route=%2Fwp%2Fv2%2Fcategories&post=1965"},{"taxonomy":"post_tag","embeddable":true,"href":"https:\/\/sodik.fi\/index.php?rest_route=%2Fwp%2Fv2%2Ftags&post=1965"}],"curies":[{"name":"wp","href":"https:\/\/api.w.org\/{rel}","templated":true}]}}