{"id":4824,"date":"2013-12-31T18:23:21","date_gmt":"2013-12-31T16:23:21","guid":{"rendered":"http:\/\/sodik.fi\/?p=4824"},"modified":"2014-04-05T22:31:40","modified_gmt":"2014-04-05T19:31:40","slug":"sodankylan-lentokenttaalueen-kehityshankkeen-tilannekatsaus","status":"publish","type":"post","link":"https:\/\/sodik.fi\/?p=4824","title":{"rendered":"Sodankyl\u00e4n lentokentt\u00e4alueen kehityshankkeen tilannekatsaus"},"content":{"rendered":"<p>T\u00e4m\u00e4 vuosi 2013 alkaa olla tunneissa laskettavissa ja on aika tehd\u00e4 katselmus Sodankyl\u00e4n lentokentt\u00e4alueen tulevaisuusseminaarin pohjalta tehdyist\u00e4 t\u00e4m\u00e4n vuoden toimenpiteist\u00e4. Seminaarin keskeisin\u00e4 teemoina olivat nopeiden lentoliikenneyhteyksien ja lentopelastuspalvelun edellytysten varmistaminen eri toimijoiden n\u00e4k\u00f6kulmasta Keski-Lapin alueelle sek\u00e4 Sodankyl\u00e4n lentokentt\u00e4alueen tulevaisuuden kehitt\u00e4minen.<\/p>\n<p>Seminaarissa sovittuna n\u00e4htiin ensimm\u00e4isen\u00e4 toimenpiteen\u00e4 tarpeellisena tarkistaa, ett\u00e4 valmisteilla olevan Sodankyl\u00e4n kirkonkyl\u00e4n osayleiskaava mahdollistaa lentokentt\u00e4alueen monimuotoisen kehittymisen mahdollisuudet. Tehdyss\u00e4 tarkastelussa todettiin, ett\u00e4 n\u00e4ht\u00e4vill\u00e4 olleessa luonnoksessa oli puutteita monimuotoisen toiminnan mahdollistamiseksi. Sodankyl\u00e4n Ilmailukerho laati muistutuksen osayleiskaavaan 24.6.2013, jossa se esitteli muutostarpeet osayleiskaavaehdotukseen. Uusi esitys on tullut n\u00e4ht\u00e4ville, jossa muutosesitykset ovat osittain huomioitu. Tarkastelumme alla on, onko viel\u00e4 tarvetta lausua nyt esill\u00e4 olevaa esityst\u00e4.<\/p>\n<p>Seminaarissa asetettu toinen tavoite oli saada aikaan alustava selvitys lentokentt\u00e4alueen nykytilasta. Hanke on k\u00e4ynniss\u00e4 ja valmistuu kev\u00e4\u00e4n kuluessa. Ilmailukerhon resurssit on jouduttu suuntaamaan syksyn ajalle tekeill\u00e4 olevan valtakunnallisen ilmatilarakenteen muutoksen selvittelyyn ja lausumiseen. Kyseess\u00e4 on hanke, jossa l\u00e4hinn\u00e4 sotilasilmailun tarpeista johtuen ollaan laatimassa uudet harjoitus-, rajoitus- ja kieltoalueet koko Suomen ilmatilaan. Asia koske my\u00f6s Sodankyl\u00e4n lentokentt\u00e4alueen l\u00e4hi- ilmatilaa ja lentokentt\u00e4alueen k\u00e4ytt\u00f6\u00e4 kaikessa ilmailutoiminnassa. Liikenteen turvallisuusvirasto Trafi on pyyt\u00e4nyt lausuntoa Finavian ja Puolustusvoimien esityksist\u00e4 Suomen ilmatilarakenteeksi ja Sodankyl\u00e4n Ilmailukerho on lausunut asiasta 30.11.2013. Antamamme lausunnon perusteella Trafi on pyyt\u00e4nyt meilt\u00e4 joulun alla lis\u00e4analyysi\u00e4 ilmatilatarpeesta erityisesti harrasteilmailun osalta. Lis\u00e4\u00e4 tietoa asiasta l\u00f6ytyy <a href=\"http:\/\/sodik.fi\/?page_id=4405\">web \u2013sivuilta<\/a>.<\/p>\n<p>Sodankyl\u00e4n Ilmailukerho on k\u00e4ynnist\u00e4nyt kuluneen kauden aikana useita eriasteisia hankkeita, joiden tarkoituksena on tukea Sodankyl\u00e4n lentokentt\u00e4alueen moninaisk\u00e4ytt\u00f6\u00e4. Yhten\u00e4 esimerkkin\u00e4 mielenkiintoisimmista on hanke, jonka tarkoituksena on selvitt\u00e4\u00e4 uuden Lapin Urheiluilmailukeskuksen perustaminen Sodankyl\u00e4n lentokent\u00e4lle. Toisena hankkeena on selvitys, kuinka J\u00e4\u00e4k\u00e4riprikaatin alkava UAV \u2013toiminta (miehitt\u00e4m\u00e4t\u00f6n ilma-alus) tukisi lentokentt\u00e4alueen moninaisk\u00e4ytt\u00f6\u00e4. Parhaillaan kentt\u00e4alueella on menossa autojen kylm\u00e4testaus ja Lapin Pelastushelikopterin Tuki ry:n p\u00e4ivyst\u00e4v\u00e4 pelastushelikopteri Aslak tuo arktiselle Lapille turvaa. <a href=\"http:\/\/www.aslak.fi\/laakariasema-aslak\" target=\"_blank\">Aslak \u2013 yhdistyksen uusi l\u00e4\u00e4k\u00e4riasema lentokent\u00e4ll\u00e4<\/a> on saanut hienon vastaanoton ja l\u00e4\u00e4k\u00e4rip\u00e4ivystyksen ovi k\u00e4y joka p\u00e4iv\u00e4.<\/p>\n<p>Sodankyl\u00e4n Ilmailukerho ry haluaa kiitt\u00e4\u00e4 kaikkia yhteisty\u00f6kumppaneita ja kerhon j\u00e4seni\u00e4 menneest\u00e4 vuodesta sek\u00e4 hyv\u00e4st\u00e4 yhteisty\u00f6st\u00e4 ja toivottaa lennokasta Uutta Vuotta 2014.<\/p>\n<p>Kari Korvanen<br \/>\npuheenjohtaja<\/p>\n","protected":false},"excerpt":{"rendered":"<p>T\u00e4m\u00e4 vuosi 2013 alkaa olla tunneissa laskettavissa ja on aika tehd\u00e4 katselmus Sodankyl\u00e4n lentokentt\u00e4alueen tulevaisuusseminaarin pohjalta tehdyist\u00e4 t\u00e4m\u00e4n vuoden toimenpiteist\u00e4. Seminaarin keskeisin\u00e4 teemoina olivat nopeiden lentoliikenneyhteyksien ja lentopelastuspalvelun edellytysten varmistaminen eri toimijoiden n\u00e4k\u00f6kulmasta Keski-Lapin alueelle sek\u00e4 Sodankyl\u00e4n lentokentt\u00e4alueen tulevaisuuden kehitt\u00e4minen. &hellip; <a href=\"https:\/\/sodik.fi\/?p=4824\">Lue loppuun <span class=\"meta-nav\">&rarr;<\/span><\/a><\/p>\n","protected":false},"author":1,"featured_media":0,"comment_status":"closed","ping_status":"closed","sticky":false,"template":"","format":"standard","meta":{"footnotes":""},"categories":[22,24,23,1],"tags":[],"publishpress_future_action":{"enabled":false,"date":"2026-05-07 22:13:29","action":"draft","terms":[],"taxonomy":"category"},"_links":{"self":[{"href":"https:\/\/sodik.fi\/index.php?rest_route=\/wp\/v2\/posts\/4824"}],"collection":[{"href":"https:\/\/sodik.fi\/index.php?rest_route=\/wp\/v2\/posts"}],"about":[{"href":"https:\/\/sodik.fi\/index.php?rest_route=\/wp\/v2\/types\/post"}],"author":[{"embeddable":true,"href":"https:\/\/sodik.fi\/index.php?rest_route=\/wp\/v2\/users\/1"}],"replies":[{"embeddable":true,"href":"https:\/\/sodik.fi\/index.php?rest_route=%2Fwp%2Fv2%2Fcomments&post=4824"}],"version-history":[{"count":2,"href":"https:\/\/sodik.fi\/index.php?rest_route=\/wp\/v2\/posts\/4824\/revisions"}],"predecessor-version":[{"id":4831,"href":"https:\/\/sodik.fi\/index.php?rest_route=\/wp\/v2\/posts\/4824\/revisions\/4831"}],"wp:attachment":[{"href":"https:\/\/sodik.fi\/index.php?rest_route=%2Fwp%2Fv2%2Fmedia&parent=4824"}],"wp:term":[{"taxonomy":"category","embeddable":true,"href":"https:\/\/sodik.fi\/index.php?rest_route=%2Fwp%2Fv2%2Fcategories&post=4824"},{"taxonomy":"post_tag","embeddable":true,"href":"https:\/\/sodik.fi\/index.php?rest_route=%2Fwp%2Fv2%2Ftags&post=4824"}],"curies":[{"name":"wp","href":"https:\/\/api.w.org\/{rel}","templated":true}]}}