{"id":6402,"date":"2014-05-23T11:31:00","date_gmt":"2014-05-23T08:31:00","guid":{"rendered":"http:\/\/sodik.fi\/?p=6402"},"modified":"2014-08-05T12:19:09","modified_gmt":"2014-08-05T09:19:09","slug":"metsapalovalvonta-ja-sar-lentaminen","status":"publish","type":"post","link":"https:\/\/sodik.fi\/?p=6402","title":{"rendered":"Mets\u00e4palovalvonta- ja SAR lent\u00e4minen"},"content":{"rendered":"<p><a href=\"http:\/\/sodik.fi\/wp-content\/uploads\/2013\/03\/SAR-YT-EFIV-TORNI-2011.08.27-002.jpg\"><img loading=\"lazy\" decoding=\"async\" class=\"alignright size-medium wp-image-2034\" src=\"http:\/\/sodik.fi\/wp-content\/uploads\/2013\/03\/SAR-YT-EFIV-TORNI-2011.08.27-002-300x199.jpg\" alt=\"SAR-YT-EFIV-TORNI 2011.08.27 002\" width=\"300\" height=\"199\" srcset=\"https:\/\/sodik.fi\/wp-content\/uploads\/2013\/03\/SAR-YT-EFIV-TORNI-2011.08.27-002-300x199.jpg 300w, https:\/\/sodik.fi\/wp-content\/uploads\/2013\/03\/SAR-YT-EFIV-TORNI-2011.08.27-002-1024x680.jpg 1024w, https:\/\/sodik.fi\/wp-content\/uploads\/2013\/03\/SAR-YT-EFIV-TORNI-2011.08.27-002-451x300.jpg 451w, https:\/\/sodik.fi\/wp-content\/uploads\/2013\/03\/SAR-YT-EFIV-TORNI-2011.08.27-002-120x80.jpg 120w\" sizes=\"(max-width: 300px) 100vw, 300px\" \/><\/a>Sodankyl\u00e4n Ilmailukerho on suorittanut viranomaisia palvelevaa SAR eli lentoetsint\u00e4-, pelastus- ja <a href=\"http:\/\/sodik.fi\/?page_id=1995\" target=\"_blank\">mets\u00e4palolentotoimintaa<\/a> Keski- ja It\u00e4-Lapin alueella jo 70 luvulta alkaen.<\/p>\n<p>Ilmailukerho yll\u00e4pit\u00e4\u00e4 SAR lentopelastustukikohtaa, joka p\u00e4ivyst\u00e4\u00e4 palolentojen lis\u00e4ksi SAR teht\u00e4vi\u00e4 toukokuun alusta syyskuun loppuun 24 tuntia vuorokaudessa.<\/p>\n<p>Koulutettu miehist\u00f6<\/p>\n<p><a href=\"http:\/\/sodik.fi\/wp-content\/uploads\/2013\/03\/SAR-YT-EFIV-OH-CMR-2011.08.27-008.jpg\"><img loading=\"lazy\" decoding=\"async\" class=\"alignright size-medium wp-image-2032\" src=\"http:\/\/sodik.fi\/wp-content\/uploads\/2013\/03\/SAR-YT-EFIV-OH-CMR-2011.08.27-008-300x199.jpg\" alt=\"SAR-YT-EFIV OH-CMR 2011.08.27 008\" width=\"300\" height=\"199\" srcset=\"https:\/\/sodik.fi\/wp-content\/uploads\/2013\/03\/SAR-YT-EFIV-OH-CMR-2011.08.27-008-300x199.jpg 300w, https:\/\/sodik.fi\/wp-content\/uploads\/2013\/03\/SAR-YT-EFIV-OH-CMR-2011.08.27-008-1024x680.jpg 1024w, https:\/\/sodik.fi\/wp-content\/uploads\/2013\/03\/SAR-YT-EFIV-OH-CMR-2011.08.27-008-451x300.jpg 451w, https:\/\/sodik.fi\/wp-content\/uploads\/2013\/03\/SAR-YT-EFIV-OH-CMR-2011.08.27-008-120x80.jpg 120w\" sizes=\"(max-width: 300px) 100vw, 300px\" \/><\/a>Ilmailukerholla on koulutettuja SAR lent\u00e4ji\u00e4 ja teht\u00e4v\u00e4njohtajia sek\u00e4 lentot\u00e4hyst\u00e4ji\u00e4, jotka pystyv\u00e4t hoitamaan esimerkiksi kadonneen henkil\u00f6n-, ajoneuvon- tai veneen etsint\u00f6j\u00e4 sek\u00e4 muita viranomaistoiminnan tarvitsemia ilma-alusteht\u00e4vi\u00e4.<\/p>\n<p>Lentopelastuskeskus h\u00e4lytt\u00e4\u00e4<\/p>\n<p>Etsint\u00e4lennot suoritetaan poliisin aloitteesta, jolloin poliisi esitt\u00e4\u00e4 virka-apupyynn\u00f6n Lentopelastuskeskukselle. Lentopelastuskeskus h\u00e4lytt\u00e4\u00e4 Suomen Lentopelastusseuran valmiusp\u00e4ivyst\u00e4j\u00e4n kautta l\u00e4himm\u00e4n p\u00e4ivyst\u00e4v\u00e4n tukikohdan lentokoneen ilmaan teht\u00e4v\u00e4\u00e4 suorittamaan.<\/p>\n<p>Sis\u00e4asianministeri\u00f6 rahoittaa<\/p>\n<p>SAR lentotoiminnan rahoittaa sis\u00e4asiainministeri\u00f6n pelastusosasto ja k\u00e4yt\u00e4nn\u00f6n organisoinnin hoitaa Lentopelastuskeskus.<\/p>\n<p><a href=\"http:\/\/sodik.fi\/wp-content\/uploads\/2013\/03\/SAR-YT-EFIV-PLATTA-2011.08.27-010.jpg\"><img loading=\"lazy\" decoding=\"async\" class=\"alignright size-medium wp-image-2033\" src=\"http:\/\/sodik.fi\/wp-content\/uploads\/2013\/03\/SAR-YT-EFIV-PLATTA-2011.08.27-010-300x199.jpg\" alt=\"SAR-YT-EFIV-PLATTA 2011.08.27 010\" width=\"300\" height=\"199\" srcset=\"https:\/\/sodik.fi\/wp-content\/uploads\/2013\/03\/SAR-YT-EFIV-PLATTA-2011.08.27-010-300x199.jpg 300w, https:\/\/sodik.fi\/wp-content\/uploads\/2013\/03\/SAR-YT-EFIV-PLATTA-2011.08.27-010-1024x680.jpg 1024w, https:\/\/sodik.fi\/wp-content\/uploads\/2013\/03\/SAR-YT-EFIV-PLATTA-2011.08.27-010-451x300.jpg 451w, https:\/\/sodik.fi\/wp-content\/uploads\/2013\/03\/SAR-YT-EFIV-PLATTA-2011.08.27-010-120x80.jpg 120w\" sizes=\"(max-width: 300px) 100vw, 300px\" \/><\/a>Vuosittain koulutusta ja harjoituksia<\/p>\n<p>Vuosittain kerhon SAR lent\u00e4j\u00e4t, -teht\u00e4v\u00e4njohtajat ja -lentot\u00e4hyst\u00e4j\u00e4t osallistuvat vaativiin kertauskoulutuksiin sek\u00e4 harjoituksiin SAR -toiminnan vaatimien taitojen kehitt\u00e4miseksi ja yll\u00e4pit\u00e4miseksi.<\/p>\n<p>Vastuullista ja vaativaa lentotoimintaa<\/p>\n<p>Viranomaisia palveleva SAR -lentotoiminta antaa hienon mahdollisuuden suorittaa vastuullista ja vaativaa lentotoimintaa muun kerhotoiminnan osana. Jos olet kiinnostunut tulemaan mukaan SAR toimintaan, niin ota yhteytt\u00e4 Sodankyl\u00e4n Ilmailukerhon vastuuhenkil\u00f6ihin.<\/p>\n<p>Sodankyl\u00e4n Ilmailukerho on yksi Suomen Lentopelastusseura SLPS ry:n perustaj\u00e4senkerhoja.<\/p>\n<hr \/>\n<p>&nbsp;<\/p>\n<p><a href=\"http:\/\/www.lentopelastus.fi\"><img loading=\"lazy\" decoding=\"async\" class=\"alignright\" src=\"http:\/\/flyingminers2013.sodik.fi\/wp-content\/uploads\/2013\/03\/SLPS-logo-150x150.jpg\" alt=\"SLPS logo\" width=\"150\" height=\"150\" \/><\/a><\/p>\n<p>SUOMEN LENTOPELASTUSSEURA SLPS ry<\/p>\n<p>Suomen Lentopelastusseura SLPS ry on 2006 perustettu valtakunnallinen, viranomaisten avuksi luotu pelastus- ja palolentovalmiutta yll\u00e4pit\u00e4v\u00e4 organisaatio. Yhdistys kouluttaa vapaaehtoisia viranomaisten avuksi kadonneiden etsinn\u00e4ss\u00e4 sek\u00e4 ennalta ehk\u00e4isem\u00e4\u00e4n ja havaitsemaan mets\u00e4paloja.<\/p>\n<p>Lentopelastusseuran koulutus tukee ilmavoimien ja muiden viranomaisten valmiutta h\u00e4iri\u00f6- ja poikkeusoloissa. SLPS kuuluu Ilmavoimien vapaaehtoisen maanpuolustuskoulutuksen neuvottelukuntaan. Seura on j\u00e4senen\u00e4 Maanpuolustuskoulutusyhdistyksess\u00e4 ja Suomen Punaisen Ristin koordinoimassa Vapaaehtoisessa Pelastuspalvelussa VAPEPA:ssa.<\/p>\n<p>Lentopelastusseuran toiminnassa on mukana 43 j\u00e4senyhdistyst\u00e4, 26 mets\u00e4palovalvontareitti\u00e4, yli 80 lentokonetta, yli 1400 vapaaehtoista.<\/p>\n<p>Lis\u00e4tietoja Suomen Lentopelastuseuran kotisivuilta: <a title=\"Suomen lentopelastusseura ry\" href=\"http:\/\/www.lentopelastus.fi\" target=\"_blank\">www.lentopelastus.fi<\/a><\/p>\n","protected":false},"excerpt":{"rendered":"<p>Sodankyl\u00e4n Ilmailukerho on suorittanut viranomaisia palvelevaa SAR eli lentoetsint\u00e4-, pelastus- ja mets\u00e4palolentotoimintaa Keski- ja It\u00e4-Lapin alueella jo 70 luvulta alkaen. Ilmailukerho yll\u00e4pit\u00e4\u00e4 SAR lentopelastustukikohtaa, joka p\u00e4ivyst\u00e4\u00e4 palolentojen lis\u00e4ksi SAR teht\u00e4vi\u00e4 toukokuun alusta syyskuun loppuun 24 tuntia vuorokaudessa. Koulutettu miehist\u00f6 Ilmailukerholla &hellip; <a href=\"https:\/\/sodik.fi\/?p=6402\">Lue loppuun <span class=\"meta-nav\">&rarr;<\/span><\/a><\/p>\n","protected":false},"author":1,"featured_media":0,"comment_status":"closed","ping_status":"closed","sticky":false,"template":"","format":"standard","meta":{"footnotes":""},"categories":[1],"tags":[],"publishpress_future_action":{"enabled":false,"date":"2026-05-07 09:14:08","action":"draft","terms":[],"taxonomy":"category"},"_links":{"self":[{"href":"https:\/\/sodik.fi\/index.php?rest_route=\/wp\/v2\/posts\/6402"}],"collection":[{"href":"https:\/\/sodik.fi\/index.php?rest_route=\/wp\/v2\/posts"}],"about":[{"href":"https:\/\/sodik.fi\/index.php?rest_route=\/wp\/v2\/types\/post"}],"author":[{"embeddable":true,"href":"https:\/\/sodik.fi\/index.php?rest_route=\/wp\/v2\/users\/1"}],"replies":[{"embeddable":true,"href":"https:\/\/sodik.fi\/index.php?rest_route=%2Fwp%2Fv2%2Fcomments&post=6402"}],"version-history":[{"count":2,"href":"https:\/\/sodik.fi\/index.php?rest_route=\/wp\/v2\/posts\/6402\/revisions"}],"predecessor-version":[{"id":6421,"href":"https:\/\/sodik.fi\/index.php?rest_route=\/wp\/v2\/posts\/6402\/revisions\/6421"}],"wp:attachment":[{"href":"https:\/\/sodik.fi\/index.php?rest_route=%2Fwp%2Fv2%2Fmedia&parent=6402"}],"wp:term":[{"taxonomy":"category","embeddable":true,"href":"https:\/\/sodik.fi\/index.php?rest_route=%2Fwp%2Fv2%2Fcategories&post=6402"},{"taxonomy":"post_tag","embeddable":true,"href":"https:\/\/sodik.fi\/index.php?rest_route=%2Fwp%2Fv2%2Ftags&post=6402"}],"curies":[{"name":"wp","href":"https:\/\/api.w.org\/{rel}","templated":true}]}}