{"id":9219,"date":"2024-10-20T11:37:25","date_gmt":"2024-10-20T08:37:25","guid":{"rendered":"https:\/\/sodik.fi\/?p=9219"},"modified":"2024-10-20T11:39:12","modified_gmt":"2024-10-20T08:39:12","slug":"arctic-aviation-day-ilmailupaiva-7-6-2025","status":"publish","type":"post","link":"https:\/\/sodik.fi\/?p=9219","title":{"rendered":"Arctic Aviation Day &#8211; Ilmailup\u00e4iv\u00e4 7.6.2025"},"content":{"rendered":"\n<p>Arctic Aviation Day -tapahtuma tulee j\u00e4lleen! Sodankyl\u00e4n ilmailukerho j\u00e4rjest\u00e4\u00e4 ilmailup\u00e4iv\u00e4n Sodankyl\u00e4n lentokent\u00e4ll\u00e4 7.6.2025. Tapahtumaan on vapaa p\u00e4\u00e4sy. Julkaisemme tarkemman ohjelman kev\u00e4\u00e4ll\u00e4, joten seuraa tiedotusta ja tule mukaan kes\u00e4kuussa.<\/p>\n\n\n\n<p><\/p>\n\n\n<div class=\"wp-block-image\">\n<figure class=\"aligncenter size-large\"><a href=\"https:\/\/sodik.fi\/wp-content\/uploads\/2024\/10\/Arctic-Aviation-Day-2025-suom.jpg\"><img decoding=\"async\" src=\"https:\/\/sodik.fi\/wp-content\/uploads\/2024\/10\/Arctic-Aviation-Day-2025-suom-724x1024.jpg\" alt=\"\" class=\"wp-image-9220\"\/><\/a><\/figure><\/div>\n\n<div class=\"wp-block-image\">\n<figure class=\"aligncenter size-large is-resized\"><a href=\"https:\/\/sodik.fi\/wp-content\/uploads\/2024\/10\/Arctic-Aviation-Day-2025-engl.jpg\"><img loading=\"lazy\" decoding=\"async\" width=\"724\" height=\"1024\" src=\"https:\/\/sodik.fi\/wp-content\/uploads\/2024\/10\/Arctic-Aviation-Day-2025-engl-724x1024.jpg\" alt=\"\" class=\"wp-image-9221\" style=\"width:614px;height:auto\" srcset=\"https:\/\/sodik.fi\/wp-content\/uploads\/2024\/10\/Arctic-Aviation-Day-2025-engl-724x1024.jpg 724w, https:\/\/sodik.fi\/wp-content\/uploads\/2024\/10\/Arctic-Aviation-Day-2025-engl-212x300.jpg 212w, https:\/\/sodik.fi\/wp-content\/uploads\/2024\/10\/Arctic-Aviation-Day-2025-engl-768x1086.jpg 768w, https:\/\/sodik.fi\/wp-content\/uploads\/2024\/10\/Arctic-Aviation-Day-2025-engl-1086x1536.jpg 1086w, https:\/\/sodik.fi\/wp-content\/uploads\/2024\/10\/Arctic-Aviation-Day-2025-engl.jpg 1190w\" sizes=\"(max-width: 724px) 100vw, 724px\" \/><\/a><\/figure><\/div>\n\n\n<div style=\"height:64px\" aria-hidden=\"true\" class=\"wp-block-spacer\"><\/div>\n","protected":false},"excerpt":{"rendered":"<p>Arctic Aviation Day -tapahtuma tulee j\u00e4lleen! Sodankyl\u00e4n ilmailukerho j\u00e4rjest\u00e4\u00e4 ilmailup\u00e4iv\u00e4n Sodankyl\u00e4n lentokent\u00e4ll\u00e4 7.6.2025. Tapahtumaan on vapaa p\u00e4\u00e4sy. Julkaisemme tarkemman ohjelman kev\u00e4\u00e4ll\u00e4, joten seuraa tiedotusta ja tule mukaan kes\u00e4kuussa.<\/p>\n","protected":false},"author":11,"featured_media":9220,"comment_status":"closed","ping_status":"closed","sticky":false,"template":"","format":"standard","meta":{"footnotes":""},"categories":[1],"tags":[],"publishpress_future_action":{"enabled":false,"date":"2026-05-07 10:05:19","action":"draft","terms":[],"taxonomy":"category"},"_links":{"self":[{"href":"https:\/\/sodik.fi\/index.php?rest_route=\/wp\/v2\/posts\/9219"}],"collection":[{"href":"https:\/\/sodik.fi\/index.php?rest_route=\/wp\/v2\/posts"}],"about":[{"href":"https:\/\/sodik.fi\/index.php?rest_route=\/wp\/v2\/types\/post"}],"author":[{"embeddable":true,"href":"https:\/\/sodik.fi\/index.php?rest_route=\/wp\/v2\/users\/11"}],"replies":[{"embeddable":true,"href":"https:\/\/sodik.fi\/index.php?rest_route=%2Fwp%2Fv2%2Fcomments&post=9219"}],"version-history":[{"count":2,"href":"https:\/\/sodik.fi\/index.php?rest_route=\/wp\/v2\/posts\/9219\/revisions"}],"predecessor-version":[{"id":9224,"href":"https:\/\/sodik.fi\/index.php?rest_route=\/wp\/v2\/posts\/9219\/revisions\/9224"}],"wp:featuredmedia":[{"embeddable":true,"href":"https:\/\/sodik.fi\/index.php?rest_route=\/wp\/v2\/media\/9220"}],"wp:attachment":[{"href":"https:\/\/sodik.fi\/index.php?rest_route=%2Fwp%2Fv2%2Fmedia&parent=9219"}],"wp:term":[{"taxonomy":"category","embeddable":true,"href":"https:\/\/sodik.fi\/index.php?rest_route=%2Fwp%2Fv2%2Fcategories&post=9219"},{"taxonomy":"post_tag","embeddable":true,"href":"https:\/\/sodik.fi\/index.php?rest_route=%2Fwp%2Fv2%2Ftags&post=9219"}],"curies":[{"name":"wp","href":"https:\/\/api.w.org\/{rel}","templated":true}]}}